{"id":1897,"date":"2015-10-22T22:56:33","date_gmt":"2015-10-22T22:56:33","guid":{"rendered":"http:\/\/www.thecafeprojects.com\/declarationproject\/?p=1897"},"modified":"2015-10-22T22:58:48","modified_gmt":"2015-10-22T22:58:48","slug":"declaracion-de-la-libertad-individual","status":"publish","type":"post","link":"https:\/\/declarationproject.org\/?p=1897","title":{"rendered":"Declaraci\u00f3n de la Libertad Individual"},"content":{"rendered":"<p class=\"p1\"><span class=\"s1\"><i>El liberalismo es muy diferente a como lo pintan sus enemigos.<\/i><\/span><\/p>\n<p class=\"p1\"><span class=\"s1\">Si crees en la libertad individual, en tu derecho a decidir por ti mismo lo que es mejor para ti y de actuar conforme a tus convicciones, siempre y cuando respetes los iguales derechos de los dem\u00e1s&#8230;<\/span><\/p>\n<p class=\"p1\"><span class=\"s1\">Si crees que cada persona es due\u00f1a de s\u00ed misma y tiene derecho a poseer propiedad privada, adquirida con su trabajo intelectual o manual, o recibida de otro en herencia o como regalo&#8230;<\/span><\/p>\n<p class=\"p1\"><span class=\"s1\">Si crees que la responsabilidad es siempre personal, que eres responsable de lo que haces y de las consecuencias de tus acciones, que debes respetar las opiniones, actitudes y \u00a0pr\u00e1cticas \u2013aunque sean diferentes de las tuyas\u2013 de personas pac\u00edficas y honestas, y ser tolerante excepto con la intolerancia&#8230;<\/span><\/p>\n<p class=\"p1\"><span class=\"s1\">\u00a0S<\/span><span class=\"s1\">i crees que la fuerza \u2013entendida como coacci\u00f3n arbitraria\u2013 es mala y la cooperaci\u00f3n pac\u00edfica \u00a0honesta y buena, que las personas no deben utilizar la fuerza coercitiva del gobierno en contra de otros, y que no es la guerra, sino la paz y la libertad, el origen del progreso&#8230;<\/span><\/p>\n<p class=\"p1\"><span class=\"s1\">Si crees en el Estado de derecho, en que la ley debe ser general, abstracta, universal y tener su base en normas de conducta justa, que no debe otorgar privilegios ni discriminar a \u00a0personas o grupos, que el poder del gobierno debe limitarse al marco de dicha ley, y que \u00fanicamente debe recurrirse al uso de la coacci\u00f3n institucionalizada para velar por la ley misma, la justicia y la seguridad de las personas&#8230;<\/span><\/p>\n<p class=\"p1\"><span class=\"s1\">\u00a0<\/span><span class=\"s1\">Si crees que la democracia no es un fin en s\u00ed misma, sino solo un medio para lograr una pac\u00edfica transici\u00f3n pol\u00edtica, que el ideal pol\u00edtico es un gobierno limitado y descentralizado, respetuoso de los derechos individuales y de las minor\u00edas disidentes, y que ni \u00e9l ni ninguna otra instituci\u00f3n pueden suplantar la iniciativa y responsabilidad de nadie&#8230;<\/span><\/p>\n<p class=\"p1\"><span class=\"s1\">\u00a0<\/span><span class=\"s1\">Si crees que las promesas deben cumplirse y los pactos contractuales respetarse, \u00a0que las personas tienen el derecho de asociarse libremente, y que la libre empresa eleva el bienestar y aumenta las oportunidades de todos&#8230;<\/span><\/p>\n<p class=\"p1\"><span class=\"s1\">Si crees en el intercambio libre y voluntario de bienes, servicios e ideas, y que nadie tiene el derecho a impedir estas transacciones cuando est\u00e1n exentas de fraude, soborno, enga\u00f1o, malversaci\u00f3n, \u00a0robo&#8230;<\/span><\/p>\n<p class=\"p1\"><span class=\"s1\">\u00a0<\/span><span class=\"s1\">Si crees que sin libertad econ\u00f3mica \u2013esa facultad de comprar y vender sin impedimento alguno\u2013 las dem\u00e1s libertades \u2013de pensamiento, conciencia, prensa, culto, etc.\u2013 se aten\u00faan gradualmente, y que el mercado libre es \u00e9ticamente superior al socialismo y a la planificaci\u00f3n central, porque, al contrario de estos, sustenta la libertad y liga la responsabilidad con los fines individuales&#8230;<\/span><\/p>\n<p class=\"p1\"><span class=\"s1\">\u00a0<\/span><span class=\"s1\">Si crees que la familia es la unidad b\u00e1sica de la sociedad, que siempre debes buscar y llevar una vida digna y buena, conforme a tus valores y principios, y que un gobierno limitado deja a las personas en libertad para que, responsablemente, construyan una vida satisfactoria y honrosa con sus familias y comunidades&#8230;<\/span><\/p>\n<p class=\"p1\">&#8212; <a href=\"http:\/\/noticias.ufm.edu\/index.php\/Giancarlo_Ib%C3%A1rg%C3%BCen_S,_recibe_premio_Leonard_E._Read\">Giancarlo Ibarguen<\/a>, ex-Rector, Universidad de Francisco Marroquin, Ciudad de Guatemala, Guatemala<\/p>\n","protected":false},"excerpt":{"rendered":"<p>El liberalismo es muy diferente a como lo pintan sus enemigos. Si crees en la libertad individual, en tu derecho a decidir por ti mismo lo que es mejor para ti y de actuar conforme a tus convicciones, siempre y cuando respetes los iguales derechos de los dem\u00e1s&#8230; Si crees que cada persona es due\u00f1a [&hellip;]<\/p>\n","protected":false},"author":1,"featured_media":1898,"comment_status":"open","ping_status":"open","sticky":false,"template":"","format":"standard","meta":{"footnotes":""},"categories":[24],"tags":[],"class_list":["post-1897","post","type-post","status-publish","format-standard","has-post-thumbnail","hentry","category-my-declaration-submissions"],"_links":{"self":[{"href":"https:\/\/declarationproject.org\/index.php?rest_route=\/wp\/v2\/posts\/1897","targetHints":{"allow":["GET"]}}],"collection":[{"href":"https:\/\/declarationproject.org\/index.php?rest_route=\/wp\/v2\/posts"}],"about":[{"href":"https:\/\/declarationproject.org\/index.php?rest_route=\/wp\/v2\/types\/post"}],"author":[{"embeddable":true,"href":"https:\/\/declarationproject.org\/index.php?rest_route=\/wp\/v2\/users\/1"}],"replies":[{"embeddable":true,"href":"https:\/\/declarationproject.org\/index.php?rest_route=%2Fwp%2Fv2%2Fcomments&post=1897"}],"version-history":[{"count":2,"href":"https:\/\/declarationproject.org\/index.php?rest_route=\/wp\/v2\/posts\/1897\/revisions"}],"predecessor-version":[{"id":1900,"href":"https:\/\/declarationproject.org\/index.php?rest_route=\/wp\/v2\/posts\/1897\/revisions\/1900"}],"wp:featuredmedia":[{"embeddable":true,"href":"https:\/\/declarationproject.org\/index.php?rest_route=\/wp\/v2\/media\/1898"}],"wp:attachment":[{"href":"https:\/\/declarationproject.org\/index.php?rest_route=%2Fwp%2Fv2%2Fmedia&parent=1897"}],"wp:term":[{"taxonomy":"category","embeddable":true,"href":"https:\/\/declarationproject.org\/index.php?rest_route=%2Fwp%2Fv2%2Fcategories&post=1897"},{"taxonomy":"post_tag","embeddable":true,"href":"https:\/\/declarationproject.org\/index.php?rest_route=%2Fwp%2Fv2%2Ftags&post=1897"}],"curies":[{"name":"wp","href":"https:\/\/api.w.org\/{rel}","templated":true}]}}